{"id":904,"date":"2021-10-02T11:51:20","date_gmt":"2021-10-02T09:51:20","guid":{"rendered":"https:\/\/www.trendagentur.de\/gabriela_kaiser\/?p=904"},"modified":"2021-10-02T11:51:20","modified_gmt":"2021-10-02T09:51:20","slug":"lecker-apfelbrot-weniger-suess-und-auch-toll-aus-fallobst","status":"publish","type":"post","link":"https:\/\/www.trendagentur.de\/gabriela_kaiser\/lecker-apfelbrot-weniger-suess-und-auch-toll-aus-fallobst\/","title":{"rendered":"Lecker Apfelbrot &#8211; weniger s\u00fc\u00df und auch toll aus Fallobst"},"content":{"rendered":"\n<p>Leider haben wir keinen Apfelbaum im Garten, aber unsere Nachbarin hat zum Gl\u00fcck einen, und gibt uns gerne auch etwas von ihrer Ernte ab &#8211; lieben Dank, liebe Margit, daf\u00fcr. Wir nehmen da von ihr nicht nur die sch\u00f6nen \u00c4pfel sondern auch gerne das Fallobst, denn auch daraus kann man ja leckere Dinge zaubern wie dieses Apfelbrot, das nicht so s\u00fc\u00df ist und sowohl zum Fr\u00fchst\u00fcck als auch am Nachmittag gerne geknabbert wird. Man kann es im \u00dcbrigen den Kids auch toll als &#8222;Pausenbrot&#8220; mitgeben. :-)<\/p>\n\n\n\n<p>Zutaten f\u00fcr 2 Kastenbrote:<br>750g \u00c4pfel (toll auch zur Fallobst-Verwertung)<br>250g Rohrzucker<br>1 Spritzer Zitronensaft<br>500g Mehl<br>1,5 P\u00e4ckchen Backpulver<br>200g Mandeln<br>100g Rosinen<br>1 TL Zimt<\/p>\n\n\n\n<figure class=\"wp-block-image size-large\"><a href=\"https:\/\/www.trendagentur.de\/gabriela_kaiser\/wp-content\/uploads\/2021\/10\/Apfelbrot_2.jpg\"><img loading=\"lazy\" decoding=\"async\" width=\"738\" height=\"452\" src=\"https:\/\/www.trendagentur.de\/gabriela_kaiser\/wp-content\/uploads\/2021\/10\/Apfelbrot_2.jpg\" alt=\"\" class=\"wp-image-909\" srcset=\"https:\/\/www.trendagentur.de\/gabriela_kaiser\/wp-content\/uploads\/2021\/10\/Apfelbrot_2.jpg 738w, https:\/\/www.trendagentur.de\/gabriela_kaiser\/wp-content\/uploads\/2021\/10\/Apfelbrot_2-300x184.jpg 300w, https:\/\/www.trendagentur.de\/gabriela_kaiser\/wp-content\/uploads\/2021\/10\/Apfelbrot_2-700x429.jpg 700w, https:\/\/www.trendagentur.de\/gabriela_kaiser\/wp-content\/uploads\/2021\/10\/Apfelbrot_2-332x203.jpg 332w, https:\/\/www.trendagentur.de\/gabriela_kaiser\/wp-content\/uploads\/2021\/10\/Apfelbrot_2-268x164.jpg 268w\" sizes=\"auto, (max-width: 738px) 100vw, 738px\" \/><\/a><\/figure>\n\n\n\n<p>\u00c4pfel sch\u00e4len und entkernen. Dann grob reiben, was wir mit einer K\u00fcchenmaschine machen. Die geriebenen \u00c4pfel in eine gro\u00dfe Sch\u00fcssel (am besten mit Deckel) geben, einen Spritzer Zitronensaft sowie 250g Rohrzucker dazugeben und unterr\u00fchren. Die Sch\u00fcssel verschliessen und ein paar Stunden &#8211; am besten \u00fcber Nacht &#8211; stehen lassen.<\/p>\n\n\n\n<p>Die \u00c4pfel haben durch das lange Stehen im Zucker Fl\u00fcssigkeit gezogen. Zu den \u00c4pfeln als erstes die Mandeln, Rosinen und den Zimt hinzugeben und mit einem gro\u00dfen (Holz-)L\u00f6ffel gut umr\u00fchren. Dann das Mehl und das Backpulver dazu geben und mit dem L\u00f6ffel weiter gut verr\u00fchren. <\/p>\n\n\n\n<figure class=\"wp-block-image size-large\"><a href=\"https:\/\/www.trendagentur.de\/gabriela_kaiser\/wp-content\/uploads\/2021\/10\/Apfelbrot_3.jpg\"><img loading=\"lazy\" decoding=\"async\" width=\"738\" height=\"452\" src=\"https:\/\/www.trendagentur.de\/gabriela_kaiser\/wp-content\/uploads\/2021\/10\/Apfelbrot_3.jpg\" alt=\"\" class=\"wp-image-911\" srcset=\"https:\/\/www.trendagentur.de\/gabriela_kaiser\/wp-content\/uploads\/2021\/10\/Apfelbrot_3.jpg 738w, https:\/\/www.trendagentur.de\/gabriela_kaiser\/wp-content\/uploads\/2021\/10\/Apfelbrot_3-300x184.jpg 300w, https:\/\/www.trendagentur.de\/gabriela_kaiser\/wp-content\/uploads\/2021\/10\/Apfelbrot_3-700x429.jpg 700w, https:\/\/www.trendagentur.de\/gabriela_kaiser\/wp-content\/uploads\/2021\/10\/Apfelbrot_3-332x203.jpg 332w, https:\/\/www.trendagentur.de\/gabriela_kaiser\/wp-content\/uploads\/2021\/10\/Apfelbrot_3-268x164.jpg 268w\" sizes=\"auto, (max-width: 738px) 100vw, 738px\" \/><\/a><\/figure>\n\n\n\n<p>2 Kastenbackformen zum Beispiel mit Butter gut einfetten und den Teig dann auf den beiden Formen verteilen. Etwas glatt streichen und bei 175 Grad Umluft im Backofen ca. 70 min backen lassen. Eines der Apfelbrote friere ich oft ein. Du kannst es dann einfach sp\u00e4ter tiefgefroren im Backofen noch mal kurz aufbacken und es schmeckt wie frisch gebacken. :-)<\/p>\n\n\n\n<figure class=\"wp-block-image size-large\"><a href=\"https:\/\/www.trendagentur.de\/gabriela_kaiser\/wp-content\/uploads\/2021\/10\/Apfelbrot_4.jpg\"><img loading=\"lazy\" decoding=\"async\" width=\"738\" height=\"452\" src=\"https:\/\/www.trendagentur.de\/gabriela_kaiser\/wp-content\/uploads\/2021\/10\/Apfelbrot_4.jpg\" alt=\"\" class=\"wp-image-912\" srcset=\"https:\/\/www.trendagentur.de\/gabriela_kaiser\/wp-content\/uploads\/2021\/10\/Apfelbrot_4.jpg 738w, https:\/\/www.trendagentur.de\/gabriela_kaiser\/wp-content\/uploads\/2021\/10\/Apfelbrot_4-300x184.jpg 300w, https:\/\/www.trendagentur.de\/gabriela_kaiser\/wp-content\/uploads\/2021\/10\/Apfelbrot_4-700x429.jpg 700w, https:\/\/www.trendagentur.de\/gabriela_kaiser\/wp-content\/uploads\/2021\/10\/Apfelbrot_4-332x203.jpg 332w, https:\/\/www.trendagentur.de\/gabriela_kaiser\/wp-content\/uploads\/2021\/10\/Apfelbrot_4-268x164.jpg 268w\" sizes=\"auto, (max-width: 738px) 100vw, 738px\" \/><\/a><\/figure>\n","protected":false},"excerpt":{"rendered":"<p>Leider haben wir keinen Apfelbaum im Garten, aber unsere Nachbarin hat zum Gl\u00fcck einen, und gibt uns gerne auch etwas von ihrer Ernte ab &#8211; lieben Dank, liebe Margit, daf\u00fcr. Wir nehmen da von ihr nicht nur die sch\u00f6nen \u00c4pfel sondern auch gerne das Fallobst, denn auch daraus kann man &#8230;<\/p>\n","protected":false},"author":1,"featured_media":907,"comment_status":"open","ping_status":"open","sticky":false,"template":"","format":"standard","meta":{"footnotes":""},"categories":[8],"tags":[9,58,20,34],"class_list":["post-904","post","type-post","status-publish","format-standard","has-post-thumbnail","hentry","category-koestlich","tag-backen","tag-einfach","tag-suess","tag-winter","column","threecol","has-thumbnail"],"_links":{"self":[{"href":"https:\/\/www.trendagentur.de\/gabriela_kaiser\/wp-json\/wp\/v2\/posts\/904","targetHints":{"allow":["GET"]}}],"collection":[{"href":"https:\/\/www.trendagentur.de\/gabriela_kaiser\/wp-json\/wp\/v2\/posts"}],"about":[{"href":"https:\/\/www.trendagentur.de\/gabriela_kaiser\/wp-json\/wp\/v2\/types\/post"}],"author":[{"embeddable":true,"href":"https:\/\/www.trendagentur.de\/gabriela_kaiser\/wp-json\/wp\/v2\/users\/1"}],"replies":[{"embeddable":true,"href":"https:\/\/www.trendagentur.de\/gabriela_kaiser\/wp-json\/wp\/v2\/comments?post=904"}],"version-history":[{"count":5,"href":"https:\/\/www.trendagentur.de\/gabriela_kaiser\/wp-json\/wp\/v2\/posts\/904\/revisions"}],"predecessor-version":[{"id":913,"href":"https:\/\/www.trendagentur.de\/gabriela_kaiser\/wp-json\/wp\/v2\/posts\/904\/revisions\/913"}],"wp:featuredmedia":[{"embeddable":true,"href":"https:\/\/www.trendagentur.de\/gabriela_kaiser\/wp-json\/wp\/v2\/media\/907"}],"wp:attachment":[{"href":"https:\/\/www.trendagentur.de\/gabriela_kaiser\/wp-json\/wp\/v2\/media?parent=904"}],"wp:term":[{"taxonomy":"category","embeddable":true,"href":"https:\/\/www.trendagentur.de\/gabriela_kaiser\/wp-json\/wp\/v2\/categories?post=904"},{"taxonomy":"post_tag","embeddable":true,"href":"https:\/\/www.trendagentur.de\/gabriela_kaiser\/wp-json\/wp\/v2\/tags?post=904"}],"curies":[{"name":"wp","href":"https:\/\/api.w.org\/{rel}","templated":true}]}}