{"id":821,"date":"2021-06-07T18:57:59","date_gmt":"2021-06-07T16:57:59","guid":{"rendered":"https:\/\/www.trendagentur.de\/gabriela_kaiser\/?p=821"},"modified":"2021-06-07T18:57:59","modified_gmt":"2021-06-07T16:57:59","slug":"einkaufsnetz-haekeln","status":"publish","type":"post","link":"https:\/\/www.trendagentur.de\/gabriela_kaiser\/einkaufsnetz-haekeln\/","title":{"rendered":"Einkaufsnetz h\u00e4keln"},"content":{"rendered":"\n<p>Ich habe mir eine stabile H\u00e4keltasche mit viel Volumen zum Einkaufen geh\u00e4kelt. Damit auch kleinere Dinge nicht raus fallen, ist das Netz nicht zu luftig sondern mit St\u00e4bchen und Luftmasche geh\u00e4kelt.<br>Die schwarze Variante ist aus 195 g Baumwollgarn mit einer H\u00e4kelnadel Nr. 3.5 geh\u00e4kelt und die beige, bei der ich Schritt f\u00fcr Schritt zeige, wie sie zu h\u00e4keln ist ist aus ca. 135 g Baumwoll-Garn geh\u00e4kelt.<br>Die schwarze Tasche hat &#8222;als Boden&#8220; ein Quadrat von ca. 27 x 27 cm und die beige von ca. 22,5 x 22,5 cm. Beide Taschen sind gleich hoch geh\u00e4kelt und auch die Henkell\u00e4nge habe ich gleich gemacht.<\/p>\n\n\n\n<figure class=\"wp-block-embed is-type-video is-provider-youtube wp-block-embed-youtube wp-embed-aspect-16-9 wp-has-aspect-ratio\"><div class=\"wp-block-embed__wrapper\">\n<iframe loading=\"lazy\" title=\"Anleitung f\u00fcr geh\u00e4keltes Einkaufsnetz \/  Netztasche\" width=\"660\" height=\"371\" src=\"https:\/\/www.youtube.com\/embed\/S6i_GTQgN-g?feature=oembed\" frameborder=\"0\" allow=\"accelerometer; autoplay; clipboard-write; encrypted-media; gyroscope; picture-in-picture; web-share\" referrerpolicy=\"strict-origin-when-cross-origin\" allowfullscreen><\/iframe>\n<\/div><\/figure>\n","protected":false},"excerpt":{"rendered":"<p>Ich habe mir eine stabile H\u00e4keltasche mit viel Volumen zum Einkaufen geh\u00e4kelt. Damit auch kleinere Dinge nicht raus fallen, ist das Netz nicht zu luftig sondern mit St\u00e4bchen und Luftmasche geh\u00e4kelt.Die schwarze Variante ist aus 195 g Baumwollgarn mit einer H\u00e4kelnadel Nr. 3.5 geh\u00e4kelt und die beige, bei der ich &#8230;<\/p>\n","protected":false},"author":1,"featured_media":822,"comment_status":"open","ping_status":"open","sticky":false,"template":"","format":"standard","meta":{"footnotes":""},"categories":[1,3],"tags":[54,56,51],"class_list":["post-821","post","type-post","status-publish","format-standard","has-post-thumbnail","hentry","category-allgemein","category-kreativ","tag-eco-living","tag-haekeln","tag-handarbeit","column","threecol","has-thumbnail"],"_links":{"self":[{"href":"https:\/\/www.trendagentur.de\/gabriela_kaiser\/wp-json\/wp\/v2\/posts\/821","targetHints":{"allow":["GET"]}}],"collection":[{"href":"https:\/\/www.trendagentur.de\/gabriela_kaiser\/wp-json\/wp\/v2\/posts"}],"about":[{"href":"https:\/\/www.trendagentur.de\/gabriela_kaiser\/wp-json\/wp\/v2\/types\/post"}],"author":[{"embeddable":true,"href":"https:\/\/www.trendagentur.de\/gabriela_kaiser\/wp-json\/wp\/v2\/users\/1"}],"replies":[{"embeddable":true,"href":"https:\/\/www.trendagentur.de\/gabriela_kaiser\/wp-json\/wp\/v2\/comments?post=821"}],"version-history":[{"count":1,"href":"https:\/\/www.trendagentur.de\/gabriela_kaiser\/wp-json\/wp\/v2\/posts\/821\/revisions"}],"predecessor-version":[{"id":823,"href":"https:\/\/www.trendagentur.de\/gabriela_kaiser\/wp-json\/wp\/v2\/posts\/821\/revisions\/823"}],"wp:featuredmedia":[{"embeddable":true,"href":"https:\/\/www.trendagentur.de\/gabriela_kaiser\/wp-json\/wp\/v2\/media\/822"}],"wp:attachment":[{"href":"https:\/\/www.trendagentur.de\/gabriela_kaiser\/wp-json\/wp\/v2\/media?parent=821"}],"wp:term":[{"taxonomy":"category","embeddable":true,"href":"https:\/\/www.trendagentur.de\/gabriela_kaiser\/wp-json\/wp\/v2\/categories?post=821"},{"taxonomy":"post_tag","embeddable":true,"href":"https:\/\/www.trendagentur.de\/gabriela_kaiser\/wp-json\/wp\/v2\/tags?post=821"}],"curies":[{"name":"wp","href":"https:\/\/api.w.org\/{rel}","templated":true}]}}