{"id":797,"date":"2021-05-11T16:01:25","date_gmt":"2021-05-11T14:01:25","guid":{"rendered":"https:\/\/www.trendagentur.de\/gabriela_kaiser\/?p=797"},"modified":"2021-05-11T16:01:25","modified_gmt":"2021-05-11T14:01:25","slug":"handy-trageband-haekeln","status":"publish","type":"post","link":"https:\/\/www.trendagentur.de\/gabriela_kaiser\/handy-trageband-haekeln\/","title":{"rendered":"Handy-Trageband h\u00e4keln"},"content":{"rendered":"\n<p>Ich trage mein Handy gerne am K\u00f6rper, wenn ich unterwegs bin wie einkaufen \u2026 . Da ich es dabei nicht immer in der Hosentasche tragen kann, mag ich Handytaschen bzw. Handy-Trageb\u00e4nder. Deswegen habe ich mir heute ein Handy-Trageband ausgedacht, dass schnell aus einem Wollrest selber geh\u00e4kelt ist. Ich habe im \u00dcbrigen ein Baumwollgarn und eine H\u00e4kelnadel in St\u00e4rke 3,5 genommen.<\/p>\n\n\n\n<figure class=\"wp-block-embed is-type-video is-provider-youtube wp-block-embed-youtube wp-embed-aspect-16-9 wp-has-aspect-ratio\"><div class=\"wp-block-embed__wrapper\">\n<iframe loading=\"lazy\" title=\"H\u00e4kelanleitung - Handy-Trageband \/ Umh\u00e4ngekordel \/ Umh\u00e4ngeband\" width=\"660\" height=\"371\" src=\"https:\/\/www.youtube.com\/embed\/AbY0xm2MsKI?feature=oembed\" frameborder=\"0\" allow=\"accelerometer; autoplay; clipboard-write; encrypted-media; gyroscope; picture-in-picture; web-share\" referrerpolicy=\"strict-origin-when-cross-origin\" allowfullscreen><\/iframe>\n<\/div><\/figure>\n","protected":false},"excerpt":{"rendered":"<p>Ich trage mein Handy gerne am K\u00f6rper, wenn ich unterwegs bin wie einkaufen \u2026 . Da ich es dabei nicht immer in der Hosentasche tragen kann, mag ich Handytaschen bzw. Handy-Trageb\u00e4nder. Deswegen habe ich mir heute ein Handy-Trageband ausgedacht, dass schnell aus einem Wollrest selber geh\u00e4kelt ist. Ich habe im &#8230;<\/p>\n","protected":false},"author":1,"featured_media":798,"comment_status":"open","ping_status":"open","sticky":false,"template":"","format":"standard","meta":{"footnotes":""},"categories":[1,3],"tags":[60,56,51,14],"class_list":["post-797","post","type-post","status-publish","format-standard","has-post-thumbnail","hentry","category-allgemein","category-kreativ","tag-diy","tag-haekeln","tag-handarbeit","tag-schnell","column","threecol","has-thumbnail"],"_links":{"self":[{"href":"https:\/\/www.trendagentur.de\/gabriela_kaiser\/wp-json\/wp\/v2\/posts\/797","targetHints":{"allow":["GET"]}}],"collection":[{"href":"https:\/\/www.trendagentur.de\/gabriela_kaiser\/wp-json\/wp\/v2\/posts"}],"about":[{"href":"https:\/\/www.trendagentur.de\/gabriela_kaiser\/wp-json\/wp\/v2\/types\/post"}],"author":[{"embeddable":true,"href":"https:\/\/www.trendagentur.de\/gabriela_kaiser\/wp-json\/wp\/v2\/users\/1"}],"replies":[{"embeddable":true,"href":"https:\/\/www.trendagentur.de\/gabriela_kaiser\/wp-json\/wp\/v2\/comments?post=797"}],"version-history":[{"count":1,"href":"https:\/\/www.trendagentur.de\/gabriela_kaiser\/wp-json\/wp\/v2\/posts\/797\/revisions"}],"predecessor-version":[{"id":799,"href":"https:\/\/www.trendagentur.de\/gabriela_kaiser\/wp-json\/wp\/v2\/posts\/797\/revisions\/799"}],"wp:featuredmedia":[{"embeddable":true,"href":"https:\/\/www.trendagentur.de\/gabriela_kaiser\/wp-json\/wp\/v2\/media\/798"}],"wp:attachment":[{"href":"https:\/\/www.trendagentur.de\/gabriela_kaiser\/wp-json\/wp\/v2\/media?parent=797"}],"wp:term":[{"taxonomy":"category","embeddable":true,"href":"https:\/\/www.trendagentur.de\/gabriela_kaiser\/wp-json\/wp\/v2\/categories?post=797"},{"taxonomy":"post_tag","embeddable":true,"href":"https:\/\/www.trendagentur.de\/gabriela_kaiser\/wp-json\/wp\/v2\/tags?post=797"}],"curies":[{"name":"wp","href":"https:\/\/api.w.org\/{rel}","templated":true}]}}