{"id":759,"date":"2021-03-13T19:14:06","date_gmt":"2021-03-13T17:14:06","guid":{"rendered":"https:\/\/www.trendagentur.de\/gabriela_kaiser\/?p=759"},"modified":"2021-03-13T19:14:06","modified_gmt":"2021-03-13T17:14:06","slug":"anleitung-flaschentasche-nach-eigener-idee","status":"publish","type":"post","link":"https:\/\/www.trendagentur.de\/gabriela_kaiser\/anleitung-flaschentasche-nach-eigener-idee\/","title":{"rendered":"Anleitung &#8211; Flaschentasche nach eigener Idee"},"content":{"rendered":"\n<p>Ich bin ganz begeistert von Flaschentaschen, da ich mein Getr\u00e4nk gerne mir nehme, wenn ich unterwegs bin. Und da habe ich mir dieses Mal ein eigenes Modell ausgedacht, nachdem ich die erste Flaschentasche nach einer bestehenden Anleitung geh\u00e4kelt habe.<\/p>\n\n\n\n<figure class=\"wp-block-image size-large\"><a href=\"https:\/\/www.trendagentur.de\/gabriela_kaiser\/wp-content\/uploads\/2021\/03\/flaschentasche_anleitung.jpg\"><img loading=\"lazy\" decoding=\"async\" width=\"738\" height=\"452\" src=\"https:\/\/www.trendagentur.de\/gabriela_kaiser\/wp-content\/uploads\/2021\/03\/flaschentasche_anleitung.jpg\" alt=\"\" class=\"wp-image-760\" srcset=\"https:\/\/www.trendagentur.de\/gabriela_kaiser\/wp-content\/uploads\/2021\/03\/flaschentasche_anleitung.jpg 738w, https:\/\/www.trendagentur.de\/gabriela_kaiser\/wp-content\/uploads\/2021\/03\/flaschentasche_anleitung-300x184.jpg 300w, https:\/\/www.trendagentur.de\/gabriela_kaiser\/wp-content\/uploads\/2021\/03\/flaschentasche_anleitung-700x429.jpg 700w, https:\/\/www.trendagentur.de\/gabriela_kaiser\/wp-content\/uploads\/2021\/03\/flaschentasche_anleitung-332x203.jpg 332w, https:\/\/www.trendagentur.de\/gabriela_kaiser\/wp-content\/uploads\/2021\/03\/flaschentasche_anleitung-268x164.jpg 268w\" sizes=\"auto, (max-width: 738px) 100vw, 738px\" \/><\/a><\/figure>\n\n\n\n<p>Der besondere Clou ist zum einen die geh\u00e4kelte Blume am Boden, die man beim Trinken sieht, und zum zweiten die flexibel einstellbare Trageriemen-L\u00e4nge mittels Kordelstopper.<\/p>\n\n\n\n<figure class=\"wp-block-image size-large\"><a href=\"https:\/\/www.trendagentur.de\/gabriela_kaiser\/wp-content\/uploads\/2021\/03\/flaschentasche_anleitung_2.jpg\"><img loading=\"lazy\" decoding=\"async\" width=\"738\" height=\"556\" src=\"https:\/\/www.trendagentur.de\/gabriela_kaiser\/wp-content\/uploads\/2021\/03\/flaschentasche_anleitung_2.jpg\" alt=\"\" class=\"wp-image-761\" srcset=\"https:\/\/www.trendagentur.de\/gabriela_kaiser\/wp-content\/uploads\/2021\/03\/flaschentasche_anleitung_2.jpg 738w, https:\/\/www.trendagentur.de\/gabriela_kaiser\/wp-content\/uploads\/2021\/03\/flaschentasche_anleitung_2-300x226.jpg 300w, https:\/\/www.trendagentur.de\/gabriela_kaiser\/wp-content\/uploads\/2021\/03\/flaschentasche_anleitung_2-700x527.jpg 700w, https:\/\/www.trendagentur.de\/gabriela_kaiser\/wp-content\/uploads\/2021\/03\/flaschentasche_anleitung_2-332x250.jpg 332w\" sizes=\"auto, (max-width: 738px) 100vw, 738px\" \/><\/a><\/figure>\n\n\n\n<p>Ich habe f\u00fcr diese Flaschentasche ein 50g Kn\u00e4uel Imagine von Lana Grossa aufgeh\u00e4kelt, da ich aus dem kleinen Rest noch eine kleine Quaste zum Dranh\u00e4ngen gemacht habe. Geh\u00e4kelt habe ich mit der Ergonomnics H\u00e4kelnadel Nr. 4,5 von Prym.<\/p>\n","protected":false},"excerpt":{"rendered":"<p>Ich bin ganz begeistert von Flaschentaschen, da ich mein Getr\u00e4nk gerne mir nehme, wenn ich unterwegs bin. Und da habe ich mir dieses Mal ein eigenes Modell ausgedacht, nachdem ich die erste Flaschentasche nach einer bestehenden Anleitung geh\u00e4kelt habe. Der besondere Clou ist zum einen die geh\u00e4kelte Blume am Boden, &#8230;<\/p>\n","protected":false},"author":1,"featured_media":760,"comment_status":"open","ping_status":"open","sticky":false,"template":"","format":"standard","meta":{"footnotes":""},"categories":[1,3],"tags":[54,55,56,51],"class_list":["post-759","post","type-post","status-publish","format-standard","has-post-thumbnail","hentry","category-allgemein","category-kreativ","tag-eco-living","tag-geschenk","tag-haekeln","tag-handarbeit","column","threecol","has-thumbnail"],"_links":{"self":[{"href":"https:\/\/www.trendagentur.de\/gabriela_kaiser\/wp-json\/wp\/v2\/posts\/759","targetHints":{"allow":["GET"]}}],"collection":[{"href":"https:\/\/www.trendagentur.de\/gabriela_kaiser\/wp-json\/wp\/v2\/posts"}],"about":[{"href":"https:\/\/www.trendagentur.de\/gabriela_kaiser\/wp-json\/wp\/v2\/types\/post"}],"author":[{"embeddable":true,"href":"https:\/\/www.trendagentur.de\/gabriela_kaiser\/wp-json\/wp\/v2\/users\/1"}],"replies":[{"embeddable":true,"href":"https:\/\/www.trendagentur.de\/gabriela_kaiser\/wp-json\/wp\/v2\/comments?post=759"}],"version-history":[{"count":1,"href":"https:\/\/www.trendagentur.de\/gabriela_kaiser\/wp-json\/wp\/v2\/posts\/759\/revisions"}],"predecessor-version":[{"id":762,"href":"https:\/\/www.trendagentur.de\/gabriela_kaiser\/wp-json\/wp\/v2\/posts\/759\/revisions\/762"}],"wp:featuredmedia":[{"embeddable":true,"href":"https:\/\/www.trendagentur.de\/gabriela_kaiser\/wp-json\/wp\/v2\/media\/760"}],"wp:attachment":[{"href":"https:\/\/www.trendagentur.de\/gabriela_kaiser\/wp-json\/wp\/v2\/media?parent=759"}],"wp:term":[{"taxonomy":"category","embeddable":true,"href":"https:\/\/www.trendagentur.de\/gabriela_kaiser\/wp-json\/wp\/v2\/categories?post=759"},{"taxonomy":"post_tag","embeddable":true,"href":"https:\/\/www.trendagentur.de\/gabriela_kaiser\/wp-json\/wp\/v2\/tags?post=759"}],"curies":[{"name":"wp","href":"https:\/\/api.w.org\/{rel}","templated":true}]}}