{"id":647,"date":"2020-04-11T17:57:35","date_gmt":"2020-04-11T15:57:35","guid":{"rendered":"http:\/\/www.trendagentur.de\/gabriela_kaiser\/?p=647"},"modified":"2022-02-07T11:41:14","modified_gmt":"2022-02-07T09:41:14","slug":"osternest-weben","status":"publish","type":"post","link":"https:\/\/www.trendagentur.de\/gabriela_kaiser\/osternest-weben\/","title":{"rendered":"Osternest weben"},"content":{"rendered":"\n<p>Da Ostern vor der T\u00fcr steht, wollte ich auch unbedingt kleine Osternester bzw. Eierbecher weben. Dazu habe ich mir \u00fcberlegt ein Kreuz zu weben, das ich oben einfach verbinde. In diesem Video m\u00f6chte ich nun zeigen, wie ich mit Filzgarn auf einem Holzbrett, n\u00e4mlich dem Loom Mini von Prym meine diesj\u00e4hrigen kleinen Osternester gewebt habe, die ich dann anschlie\u00dfend in der Waschmaschine  noch gefilzt habe. <\/p>\n\n\n\n<figure class=\"wp-block-embed is-type-video is-provider-youtube wp-block-embed-youtube wp-embed-aspect-16-9 wp-has-aspect-ratio\"><div class=\"wp-block-embed__wrapper\">\n<iframe loading=\"lazy\" title=\"DIY-Tutorial Osternest weben\" width=\"660\" height=\"371\" src=\"https:\/\/www.youtube.com\/embed\/2KhOHpqcwxw?feature=oembed\" frameborder=\"0\" allow=\"accelerometer; autoplay; clipboard-write; encrypted-media; gyroscope; picture-in-picture; web-share\" referrerpolicy=\"strict-origin-when-cross-origin\" allowfullscreen><\/iframe>\n<\/div><\/figure>\n","protected":false},"excerpt":{"rendered":"<p>Da Ostern vor der T\u00fcr steht, wollte ich auch unbedingt kleine Osternester bzw. Eierbecher weben. Dazu habe ich mir \u00fcberlegt ein Kreuz zu weben, das ich oben einfach verbinde. In diesem Video m\u00f6chte ich nun zeigen, wie ich mit Filzgarn auf einem Holzbrett, n\u00e4mlich dem Loom Mini von Prym meine &#8230;<\/p>\n","protected":false},"author":1,"featured_media":650,"comment_status":"open","ping_status":"open","sticky":false,"template":"","format":"standard","meta":{"footnotes":""},"categories":[1,3],"tags":[63,51,4,14,28,53],"class_list":["post-647","post","type-post","status-publish","format-standard","has-post-thumbnail","hentry","category-allgemein","category-kreativ","tag-filzen","tag-handarbeit","tag-ostern","tag-schnell","tag-verschenken","tag-weben","column","threecol","has-thumbnail"],"_links":{"self":[{"href":"https:\/\/www.trendagentur.de\/gabriela_kaiser\/wp-json\/wp\/v2\/posts\/647","targetHints":{"allow":["GET"]}}],"collection":[{"href":"https:\/\/www.trendagentur.de\/gabriela_kaiser\/wp-json\/wp\/v2\/posts"}],"about":[{"href":"https:\/\/www.trendagentur.de\/gabriela_kaiser\/wp-json\/wp\/v2\/types\/post"}],"author":[{"embeddable":true,"href":"https:\/\/www.trendagentur.de\/gabriela_kaiser\/wp-json\/wp\/v2\/users\/1"}],"replies":[{"embeddable":true,"href":"https:\/\/www.trendagentur.de\/gabriela_kaiser\/wp-json\/wp\/v2\/comments?post=647"}],"version-history":[{"count":2,"href":"https:\/\/www.trendagentur.de\/gabriela_kaiser\/wp-json\/wp\/v2\/posts\/647\/revisions"}],"predecessor-version":[{"id":984,"href":"https:\/\/www.trendagentur.de\/gabriela_kaiser\/wp-json\/wp\/v2\/posts\/647\/revisions\/984"}],"wp:featuredmedia":[{"embeddable":true,"href":"https:\/\/www.trendagentur.de\/gabriela_kaiser\/wp-json\/wp\/v2\/media\/650"}],"wp:attachment":[{"href":"https:\/\/www.trendagentur.de\/gabriela_kaiser\/wp-json\/wp\/v2\/media?parent=647"}],"wp:term":[{"taxonomy":"category","embeddable":true,"href":"https:\/\/www.trendagentur.de\/gabriela_kaiser\/wp-json\/wp\/v2\/categories?post=647"},{"taxonomy":"post_tag","embeddable":true,"href":"https:\/\/www.trendagentur.de\/gabriela_kaiser\/wp-json\/wp\/v2\/tags?post=647"}],"curies":[{"name":"wp","href":"https:\/\/api.w.org\/{rel}","templated":true}]}}