{"id":377,"date":"2015-04-04T19:54:48","date_gmt":"2015-04-04T17:54:48","guid":{"rendered":"http:\/\/www.trendagentur.de\/gabriela_kaiser\/?p=377"},"modified":"2020-04-28T10:27:30","modified_gmt":"2020-04-28T08:27:30","slug":"ostereier-faerben","status":"publish","type":"post","link":"https:\/\/www.trendagentur.de\/gabriela_kaiser\/ostereier-faerben\/","title":{"rendered":"Ostereier f\u00e4rben"},"content":{"rendered":"<p>Wie immer auf dem letzten Dr\u00fccker dran, haben wir eben unsere Ostereier gef\u00e4rbt.<\/p>\n<p>Da uns letztes Jahr die Methode mit den halb gef\u00e4rbten Eiern super gut gefallen hat, ich aber ungern zwei Mal hintereinander das Gleiche mache, habe ich diese Methode einfach mit der alten Eierf\u00e4rbe-Technik meiner Mutter verkn\u00fcpft. Mein Mutter hatte immer gr\u00fcne frische Bl\u00e4tter auf die Eier gelegt eine Feinstrumpfhose dar\u00fcber gest\u00fclpt, mit einem Bindfaden zugebunden und gef\u00e4rbt. Ich hatte nun aber keine Feinstrumpfhose und wusste aus fr\u00fcheren F\u00e4rbeaktionen, dass Orangennetze auch tolle Muster bilden.<\/p>\n<p>Also haben wir die Eier zum hart Kochen aufgesetzt, ich habe eben im Garten flugs ein bisschen Gr\u00fcn abgeschnitten (junge Tannenzweige gehen z. B. super, habe ich festgestellt), dann hatten wir zum Gl\u00fcck noch ein paar Orangennetze.<br \/>\n<a href=\"http:\/\/www.trendagentur.de\/gabriela_kaiser\/wp-content\/uploads\/2015\/04\/Ostereier_faerben_2.jpg\"><img loading=\"lazy\" decoding=\"async\" class=\"alignnone size-medium wp-image-379\" src=\"http:\/\/www.trendagentur.de\/gabriela_kaiser\/wp-content\/uploads\/2015\/04\/Ostereier_faerben_2-300x183.jpg\" alt=\"Ostereier_faerben_2\" width=\"300\" height=\"183\" srcset=\"https:\/\/www.trendagentur.de\/gabriela_kaiser\/wp-content\/uploads\/2015\/04\/Ostereier_faerben_2-300x183.jpg 300w, https:\/\/www.trendagentur.de\/gabriela_kaiser\/wp-content\/uploads\/2015\/04\/Ostereier_faerben_2-1024x627.jpg 1024w, https:\/\/www.trendagentur.de\/gabriela_kaiser\/wp-content\/uploads\/2015\/04\/Ostereier_faerben_2-700x428.jpg 700w, https:\/\/www.trendagentur.de\/gabriela_kaiser\/wp-content\/uploads\/2015\/04\/Ostereier_faerben_2-332x203.jpg 332w, https:\/\/www.trendagentur.de\/gabriela_kaiser\/wp-content\/uploads\/2015\/04\/Ostereier_faerben_2-268x164.jpg 268w\" sizes=\"auto, (max-width: 300px) 100vw, 300px\" \/><\/a><br \/>\nAuf die hartgekochten noch hei\u00dfen Eier habe ich ein paar gr\u00fcne Bl\u00e4tter oder einen Tannenzweig gelegt.<br \/>\n<a href=\"http:\/\/www.trendagentur.de\/gabriela_kaiser\/wp-content\/uploads\/2015\/04\/Ostereier_faerben_3.jpg\"><img loading=\"lazy\" decoding=\"async\" class=\"alignnone size-medium wp-image-380\" src=\"http:\/\/www.trendagentur.de\/gabriela_kaiser\/wp-content\/uploads\/2015\/04\/Ostereier_faerben_3-300x183.jpg\" alt=\"Ostereier_faerben_3\" width=\"300\" height=\"183\" srcset=\"https:\/\/www.trendagentur.de\/gabriela_kaiser\/wp-content\/uploads\/2015\/04\/Ostereier_faerben_3-300x183.jpg 300w, https:\/\/www.trendagentur.de\/gabriela_kaiser\/wp-content\/uploads\/2015\/04\/Ostereier_faerben_3-700x428.jpg 700w, https:\/\/www.trendagentur.de\/gabriela_kaiser\/wp-content\/uploads\/2015\/04\/Ostereier_faerben_3-332x203.jpg 332w, https:\/\/www.trendagentur.de\/gabriela_kaiser\/wp-content\/uploads\/2015\/04\/Ostereier_faerben_3-268x164.jpg 268w, https:\/\/www.trendagentur.de\/gabriela_kaiser\/wp-content\/uploads\/2015\/04\/Ostereier_faerben_3.jpg 738w\" sizes=\"auto, (max-width: 300px) 100vw, 300px\" \/><\/a><br \/>\nDas Orangennetz stramm darum gelegt und dann N\u00e4hgarn einige Mal zum Schlie\u00dfen darum gewickelt; Verknoten ist nicht notwendig.&nbsp; <a href=\"http:\/\/www.trendagentur.de\/gabriela_kaiser\/wp-content\/uploads\/2015\/04\/Ostereier_faerben_4.jpg\"><img loading=\"lazy\" decoding=\"async\" class=\"alignnone size-medium wp-image-381\" src=\"http:\/\/www.trendagentur.de\/gabriela_kaiser\/wp-content\/uploads\/2015\/04\/Ostereier_faerben_4-300x183.jpg\" alt=\"Ostereier_faerben_4\" width=\"300\" height=\"183\" srcset=\"https:\/\/www.trendagentur.de\/gabriela_kaiser\/wp-content\/uploads\/2015\/04\/Ostereier_faerben_4-300x183.jpg 300w, https:\/\/www.trendagentur.de\/gabriela_kaiser\/wp-content\/uploads\/2015\/04\/Ostereier_faerben_4-1024x627.jpg 1024w, https:\/\/www.trendagentur.de\/gabriela_kaiser\/wp-content\/uploads\/2015\/04\/Ostereier_faerben_4-700x428.jpg 700w, https:\/\/www.trendagentur.de\/gabriela_kaiser\/wp-content\/uploads\/2015\/04\/Ostereier_faerben_4-332x203.jpg 332w, https:\/\/www.trendagentur.de\/gabriela_kaiser\/wp-content\/uploads\/2015\/04\/Ostereier_faerben_4-268x164.jpg 268w\" sizes=\"auto, (max-width: 300px) 100vw, 300px\" \/><\/a><br \/>\nWir haben konventionelle Eierfarbe mit hei\u00dfem Wasser anger\u00fchrt und diese in flache Glasschalen verteilt, je 2 Schalen mit der gleichen Farbe. Unser Sohn k\u00fcmmerte sich um das F\u00e4rben, w\u00e4hrend ich weiter die Eier mit Pflanzen und Netz umband. Die eingenetzten Eier hat Philipp dann einfach in die Gl\u00e4ser gelegt; diese guckten circa zur H\u00e4lfte raus. Wenn ihm die Farbintensit\u00e4t gefiel, hat er das Ei am Netz raus gezogen, gedreht und in eine andere Farbe wieder rein gelegt.<br \/>\n<a href=\"http:\/\/www.trendagentur.de\/gabriela_kaiser\/wp-content\/uploads\/2015\/04\/Ostereier_faerben_5.jpg\"><img loading=\"lazy\" decoding=\"async\" class=\"alignnone size-medium wp-image-382\" src=\"http:\/\/www.trendagentur.de\/gabriela_kaiser\/wp-content\/uploads\/2015\/04\/Ostereier_faerben_5-300x183.jpg\" alt=\"Ostereier_faerben_5\" width=\"300\" height=\"183\" srcset=\"https:\/\/www.trendagentur.de\/gabriela_kaiser\/wp-content\/uploads\/2015\/04\/Ostereier_faerben_5-300x183.jpg 300w, https:\/\/www.trendagentur.de\/gabriela_kaiser\/wp-content\/uploads\/2015\/04\/Ostereier_faerben_5-700x428.jpg 700w, https:\/\/www.trendagentur.de\/gabriela_kaiser\/wp-content\/uploads\/2015\/04\/Ostereier_faerben_5-332x203.jpg 332w, https:\/\/www.trendagentur.de\/gabriela_kaiser\/wp-content\/uploads\/2015\/04\/Ostereier_faerben_5-268x164.jpg 268w, https:\/\/www.trendagentur.de\/gabriela_kaiser\/wp-content\/uploads\/2015\/04\/Ostereier_faerben_5.jpg 738w\" sizes=\"auto, (max-width: 300px) 100vw, 300px\" \/><\/a><br \/>\nIm n\u00e4chsten Arbeitsschritt wurden die gef\u00e4rbten Eier dann aus dem Glas gefischt und auf alte Zeitungen gelegt. Mit einer Schere hat unser anderer Sohn Tobias dann die Netze aufgeschnitten und die Eier heraus geholt.<\/p>\n<p>Wir sind ganz begeistert, denn jedes Ei ist ein eigenes Kunstwerk geworden. Durch die Bl\u00e4tter und das Netz ist die Farbe teils weich in die andere Farbe her\u00fcber geflossen, so dass auch die \u00dcberg\u00e4nge von einer Farbe zur anderen dieses Mal meist nicht hart und scharfkantig sind wie letztes Jahr, sondern musterm\u00e4\u00dfig ineinander \u00fcbergeht.<br \/>\n<a href=\"http:\/\/www.trendagentur.de\/gabriela_kaiser\/wp-content\/uploads\/2015\/04\/Ostereier_faerben_6.jpg\"><img loading=\"lazy\" decoding=\"async\" class=\"alignnone size-medium wp-image-384\" src=\"http:\/\/www.trendagentur.de\/gabriela_kaiser\/wp-content\/uploads\/2015\/04\/Ostereier_faerben_6-300x183.jpg\" alt=\"Ostereier_faerben_6\" width=\"300\" height=\"183\" srcset=\"https:\/\/www.trendagentur.de\/gabriela_kaiser\/wp-content\/uploads\/2015\/04\/Ostereier_faerben_6-300x183.jpg 300w, https:\/\/www.trendagentur.de\/gabriela_kaiser\/wp-content\/uploads\/2015\/04\/Ostereier_faerben_6-700x428.jpg 700w, https:\/\/www.trendagentur.de\/gabriela_kaiser\/wp-content\/uploads\/2015\/04\/Ostereier_faerben_6-332x203.jpg 332w, https:\/\/www.trendagentur.de\/gabriela_kaiser\/wp-content\/uploads\/2015\/04\/Ostereier_faerben_6-268x164.jpg 268w, https:\/\/www.trendagentur.de\/gabriela_kaiser\/wp-content\/uploads\/2015\/04\/Ostereier_faerben_6.jpg 738w\" sizes=\"auto, (max-width: 300px) 100vw, 300px\" \/><\/a> <a href=\"http:\/\/www.trendagentur.de\/gabriela_kaiser\/wp-content\/uploads\/2015\/04\/Ostereier_faerben_7.jpg\"><img loading=\"lazy\" decoding=\"async\" class=\"alignnone size-medium wp-image-385\" src=\"http:\/\/www.trendagentur.de\/gabriela_kaiser\/wp-content\/uploads\/2015\/04\/Ostereier_faerben_7-300x183.jpg\" alt=\"Ostereier_faerben_7\" width=\"300\" height=\"183\" srcset=\"https:\/\/www.trendagentur.de\/gabriela_kaiser\/wp-content\/uploads\/2015\/04\/Ostereier_faerben_7-300x183.jpg 300w, https:\/\/www.trendagentur.de\/gabriela_kaiser\/wp-content\/uploads\/2015\/04\/Ostereier_faerben_7-700x428.jpg 700w, https:\/\/www.trendagentur.de\/gabriela_kaiser\/wp-content\/uploads\/2015\/04\/Ostereier_faerben_7-332x203.jpg 332w, https:\/\/www.trendagentur.de\/gabriela_kaiser\/wp-content\/uploads\/2015\/04\/Ostereier_faerben_7-268x164.jpg 268w, https:\/\/www.trendagentur.de\/gabriela_kaiser\/wp-content\/uploads\/2015\/04\/Ostereier_faerben_7.jpg 738w\" sizes=\"auto, (max-width: 300px) 100vw, 300px\" \/><\/a><br \/>\nIch freue mich jetzt schon auf unseren Ostertisch mit diesen tollen Eier und werde wohl Schwierigkeiten haben zu entscheiden, welche zuerst gegessen werden :-)<\/p>\n<p><a href=\"http:\/\/www.trendagentur.de\/gabriela_kaiser\/wp-content\/uploads\/2015\/04\/Ostereier_faerben_1.jpg\"><img loading=\"lazy\" decoding=\"async\" class=\"alignnone size-medium wp-image-378\" src=\"http:\/\/www.trendagentur.de\/gabriela_kaiser\/wp-content\/uploads\/2015\/04\/Ostereier_faerben_1-300x183.jpg\" alt=\"Ostereier_faerben_1\" width=\"300\" height=\"183\" srcset=\"https:\/\/www.trendagentur.de\/gabriela_kaiser\/wp-content\/uploads\/2015\/04\/Ostereier_faerben_1-300x183.jpg 300w, https:\/\/www.trendagentur.de\/gabriela_kaiser\/wp-content\/uploads\/2015\/04\/Ostereier_faerben_1-700x428.jpg 700w, https:\/\/www.trendagentur.de\/gabriela_kaiser\/wp-content\/uploads\/2015\/04\/Ostereier_faerben_1-332x203.jpg 332w, https:\/\/www.trendagentur.de\/gabriela_kaiser\/wp-content\/uploads\/2015\/04\/Ostereier_faerben_1-268x164.jpg 268w, https:\/\/www.trendagentur.de\/gabriela_kaiser\/wp-content\/uploads\/2015\/04\/Ostereier_faerben_1.jpg 738w\" sizes=\"auto, (max-width: 300px) 100vw, 300px\" \/><\/a><\/p>\n","protected":false},"excerpt":{"rendered":"<p>Wie immer auf dem letzten Dr\u00fccker dran, haben wir eben unsere Ostereier gef\u00e4rbt. Da uns letztes Jahr die Methode mit den halb gef\u00e4rbten Eiern super gut gefallen hat, ich aber ungern zwei Mal hintereinander das Gleiche mache, habe ich diese Methode einfach mit der alten Eierf\u00e4rbe-Technik meiner Mutter verkn\u00fcpft. Mein &#8230;<\/p>\n","protected":false},"author":1,"featured_media":378,"comment_status":"open","ping_status":"open","sticky":false,"template":"","format":"image","meta":{"footnotes":""},"categories":[1,3],"tags":[12,39,4,28],"class_list":["post-377","post","type-post","status-publish","format-image","has-post-thumbnail","hentry","category-allgemein","category-kreativ","tag-farbe","tag-mit-kindern","tag-ostern","tag-verschenken","post_format-post-format-image","column","threecol"],"_links":{"self":[{"href":"https:\/\/www.trendagentur.de\/gabriela_kaiser\/wp-json\/wp\/v2\/posts\/377","targetHints":{"allow":["GET"]}}],"collection":[{"href":"https:\/\/www.trendagentur.de\/gabriela_kaiser\/wp-json\/wp\/v2\/posts"}],"about":[{"href":"https:\/\/www.trendagentur.de\/gabriela_kaiser\/wp-json\/wp\/v2\/types\/post"}],"author":[{"embeddable":true,"href":"https:\/\/www.trendagentur.de\/gabriela_kaiser\/wp-json\/wp\/v2\/users\/1"}],"replies":[{"embeddable":true,"href":"https:\/\/www.trendagentur.de\/gabriela_kaiser\/wp-json\/wp\/v2\/comments?post=377"}],"version-history":[{"count":6,"href":"https:\/\/www.trendagentur.de\/gabriela_kaiser\/wp-json\/wp\/v2\/posts\/377\/revisions"}],"predecessor-version":[{"id":680,"href":"https:\/\/www.trendagentur.de\/gabriela_kaiser\/wp-json\/wp\/v2\/posts\/377\/revisions\/680"}],"wp:featuredmedia":[{"embeddable":true,"href":"https:\/\/www.trendagentur.de\/gabriela_kaiser\/wp-json\/wp\/v2\/media\/378"}],"wp:attachment":[{"href":"https:\/\/www.trendagentur.de\/gabriela_kaiser\/wp-json\/wp\/v2\/media?parent=377"}],"wp:term":[{"taxonomy":"category","embeddable":true,"href":"https:\/\/www.trendagentur.de\/gabriela_kaiser\/wp-json\/wp\/v2\/categories?post=377"},{"taxonomy":"post_tag","embeddable":true,"href":"https:\/\/www.trendagentur.de\/gabriela_kaiser\/wp-json\/wp\/v2\/tags?post=377"}],"curies":[{"name":"wp","href":"https:\/\/api.w.org\/{rel}","templated":true}]}}