{"id":210,"date":"2014-09-08T07:04:24","date_gmt":"2014-09-08T05:04:24","guid":{"rendered":"http:\/\/www.trendagentur.de\/gabriela_kaiser\/?p=210"},"modified":"2014-12-11T15:13:11","modified_gmt":"2014-12-11T13:13:11","slug":"praegeband-beschriftung","status":"publish","type":"post","link":"https:\/\/www.trendagentur.de\/gabriela_kaiser\/praegeband-beschriftung\/","title":{"rendered":"Pr\u00e4geband Beschriftung"},"content":{"rendered":"<p>Im Moment finde ich die Optik mit einem Pr\u00e4geband total klasse. Also habe ich mir das Dymo Omega Pr\u00e4geger\u00e4t gekauft und schwarze Pr\u00e4geb\u00e4nder, denn ich liebe es meist farbig zur\u00fcckhaltend.<\/p>\n<p>Als erstes habe ich damit unsere Uralten Gew\u00fcrz-Reagenzgl\u00e4ser aufgemotzt, die ich schon ausrangieren wollte, und die Gl\u00e4ser sch\u00f6n mit den einzelnen Gew\u00fcrzen beschriftet. Dann haben unsere Jungs neue Heftmappen f\u00fcr die Schule bekommen und da fand ich die Namensbeschriftung mit dem Pr\u00e4geband auch ganz nett.<\/p>\n<p><a href=\"http:\/\/www.trendagentur.de\/gabriela_kaiser\/wp-content\/uploads\/2014\/09\/praegeband_1.jpg\"><img loading=\"lazy\" decoding=\"async\" class=\"alignnone size-medium wp-image-212\" src=\"http:\/\/www.trendagentur.de\/gabriela_kaiser\/wp-content\/uploads\/2014\/09\/praegeband_1-300x183.jpg\" alt=\"praegeband_1\" width=\"300\" height=\"183\" srcset=\"https:\/\/www.trendagentur.de\/gabriela_kaiser\/wp-content\/uploads\/2014\/09\/praegeband_1-300x183.jpg 300w, https:\/\/www.trendagentur.de\/gabriela_kaiser\/wp-content\/uploads\/2014\/09\/praegeband_1-700x428.jpg 700w, https:\/\/www.trendagentur.de\/gabriela_kaiser\/wp-content\/uploads\/2014\/09\/praegeband_1-332x203.jpg 332w, https:\/\/www.trendagentur.de\/gabriela_kaiser\/wp-content\/uploads\/2014\/09\/praegeband_1-268x164.jpg 268w, https:\/\/www.trendagentur.de\/gabriela_kaiser\/wp-content\/uploads\/2014\/09\/praegeband_1.jpg 738w\" sizes=\"auto, (max-width: 300px) 100vw, 300px\" \/><\/a><a href=\"http:\/\/www.trendagentur.de\/gabriela_kaiser\/wp-content\/uploads\/2014\/09\/praegeband_2.jpg\"><img loading=\"lazy\" decoding=\"async\" class=\"alignnone size-medium wp-image-213\" src=\"http:\/\/www.trendagentur.de\/gabriela_kaiser\/wp-content\/uploads\/2014\/09\/praegeband_2-300x183.jpg\" alt=\"praegeband_2\" width=\"300\" height=\"183\" srcset=\"https:\/\/www.trendagentur.de\/gabriela_kaiser\/wp-content\/uploads\/2014\/09\/praegeband_2-300x183.jpg 300w, https:\/\/www.trendagentur.de\/gabriela_kaiser\/wp-content\/uploads\/2014\/09\/praegeband_2-700x428.jpg 700w, https:\/\/www.trendagentur.de\/gabriela_kaiser\/wp-content\/uploads\/2014\/09\/praegeband_2-332x203.jpg 332w, https:\/\/www.trendagentur.de\/gabriela_kaiser\/wp-content\/uploads\/2014\/09\/praegeband_2-268x164.jpg 268w, https:\/\/www.trendagentur.de\/gabriela_kaiser\/wp-content\/uploads\/2014\/09\/praegeband_2.jpg 738w\" sizes=\"auto, (max-width: 300px) 100vw, 300px\" \/><\/a><\/p>\n<p>Wenn ich Zeitschriften verschicke an meine Kunden und Freunde mit Artikeln, die ich geschrieben habe, dann kommt daran meine Visitenkarte, die die Form eines alten braunen Anh\u00e4ngers hat. Da musste ich damals ganz sch\u00f6n suchen, bis ich diese Anh\u00e4nger gefunden hatte und hatte dann direkt ein gro\u00dfes Paket davon bestellt. Die Anh\u00e4nger bestempele ich dann mit meinen Firmendaten und kann so meine Visitenkarten immer wieder selber erstellen. Die meisten finden meine Visitenkarte total klasse, weil sie anders ist. Auf jeden Fall benutze ich diese Anh\u00e4nger auch f\u00fcr andere Dinge wie Gr\u00fc\u00dfe. Und durch dass schon vorhandene Loch kann man ein Band ziehen oder diesen Anh\u00e4nger mit einer Musterbeutelklammer an der Zeitschrift befestigen.<\/p>\n<p><a href=\"http:\/\/www.trendagentur.de\/gabriela_kaiser\/wp-content\/uploads\/2014\/09\/praegeband_3.jpg\"><img loading=\"lazy\" decoding=\"async\" class=\"alignnone size-medium wp-image-214\" src=\"http:\/\/www.trendagentur.de\/gabriela_kaiser\/wp-content\/uploads\/2014\/09\/praegeband_3-300x183.jpg\" alt=\"praegeband_3\" width=\"300\" height=\"183\" srcset=\"https:\/\/www.trendagentur.de\/gabriela_kaiser\/wp-content\/uploads\/2014\/09\/praegeband_3-300x183.jpg 300w, https:\/\/www.trendagentur.de\/gabriela_kaiser\/wp-content\/uploads\/2014\/09\/praegeband_3-700x428.jpg 700w, https:\/\/www.trendagentur.de\/gabriela_kaiser\/wp-content\/uploads\/2014\/09\/praegeband_3-332x203.jpg 332w, https:\/\/www.trendagentur.de\/gabriela_kaiser\/wp-content\/uploads\/2014\/09\/praegeband_3-268x164.jpg 268w, https:\/\/www.trendagentur.de\/gabriela_kaiser\/wp-content\/uploads\/2014\/09\/praegeband_3.jpg 738w\" sizes=\"auto, (max-width: 300px) 100vw, 300px\" \/><\/a> <a href=\"http:\/\/www.trendagentur.de\/gabriela_kaiser\/wp-content\/uploads\/2014\/09\/praegeband_4.jpg\"><img loading=\"lazy\" decoding=\"async\" class=\"alignnone size-medium wp-image-215\" src=\"http:\/\/www.trendagentur.de\/gabriela_kaiser\/wp-content\/uploads\/2014\/09\/praegeband_4-300x183.jpg\" alt=\"praegeband_4\" width=\"300\" height=\"183\" srcset=\"https:\/\/www.trendagentur.de\/gabriela_kaiser\/wp-content\/uploads\/2014\/09\/praegeband_4-300x183.jpg 300w, https:\/\/www.trendagentur.de\/gabriela_kaiser\/wp-content\/uploads\/2014\/09\/praegeband_4-700x428.jpg 700w, https:\/\/www.trendagentur.de\/gabriela_kaiser\/wp-content\/uploads\/2014\/09\/praegeband_4-332x203.jpg 332w, https:\/\/www.trendagentur.de\/gabriela_kaiser\/wp-content\/uploads\/2014\/09\/praegeband_4-268x164.jpg 268w, https:\/\/www.trendagentur.de\/gabriela_kaiser\/wp-content\/uploads\/2014\/09\/praegeband_4.jpg 738w\" sizes=\"auto, (max-width: 300px) 100vw, 300px\" \/><\/a><\/p>\n<p>Dann verschicke ich immer mal CDs an Kunden. Auch diese beschrifte ich augenblicklich gerne mit dem Pr\u00e4geband. Hier habe ich eine Papp-CD-H\u00fclle von Muji genommen, mit einem Bild beklebt, dann die Beschriftung mit dem Pr\u00e4geband drauf geklebt und noch der Anh\u00e4nger dran, von wem es ist. Ich mal die Optik mit dem braunen Rohkarton und dazu das Schwarz-Wei\u00df im Moment total gerne.<\/p>\n<p>Nachtrag: beim Lemon Curd &#8211; siehe einige Beitr\u00e4ge sp\u00e4ter &#8211; habe ich nun also die Beschriftung des Schraubglases tats\u00e4chlich mit einem Pr\u00e4geband gemacht &#8211; und mir gef\u00e4llts.<br \/>\n<a href=\"http:\/\/www.trendagentur.de\/gabriela_kaiser\/wp-content\/uploads\/2014\/10\/Lemoncurd_1.jpg\"><img loading=\"lazy\" decoding=\"async\" class=\"alignnone size-medium wp-image-246\" src=\"http:\/\/www.trendagentur.de\/gabriela_kaiser\/wp-content\/uploads\/2014\/10\/Lemoncurd_1-300x183.jpg\" alt=\"Lemoncurd_1\" width=\"300\" height=\"183\" srcset=\"https:\/\/www.trendagentur.de\/gabriela_kaiser\/wp-content\/uploads\/2014\/10\/Lemoncurd_1-300x183.jpg 300w, https:\/\/www.trendagentur.de\/gabriela_kaiser\/wp-content\/uploads\/2014\/10\/Lemoncurd_1-700x428.jpg 700w, https:\/\/www.trendagentur.de\/gabriela_kaiser\/wp-content\/uploads\/2014\/10\/Lemoncurd_1-332x203.jpg 332w, https:\/\/www.trendagentur.de\/gabriela_kaiser\/wp-content\/uploads\/2014\/10\/Lemoncurd_1-268x164.jpg 268w, https:\/\/www.trendagentur.de\/gabriela_kaiser\/wp-content\/uploads\/2014\/10\/Lemoncurd_1.jpg 738w\" sizes=\"auto, (max-width: 300px) 100vw, 300px\" \/><\/a><\/p>\n","protected":false},"excerpt":{"rendered":"<p>Im Moment finde ich die Optik mit einem Pr\u00e4geband total klasse. Also habe ich mir das Dymo Omega Pr\u00e4geger\u00e4t gekauft und schwarze Pr\u00e4geb\u00e4nder, denn ich liebe es meist farbig zur\u00fcckhaltend. Als erstes habe ich damit unsere Uralten Gew\u00fcrz-Reagenzgl\u00e4ser aufgemotzt, die ich schon ausrangieren wollte, und die Gl\u00e4ser sch\u00f6n mit den &#8230;<\/p>\n","protected":false},"author":1,"featured_media":212,"comment_status":"open","ping_status":"open","sticky":false,"template":"","format":"image","meta":{"footnotes":""},"categories":[1,3],"tags":[27],"class_list":["post-210","post","type-post","status-publish","format-image","has-post-thumbnail","hentry","category-allgemein","category-kreativ","tag-schrift","post_format-post-format-image","column","threecol"],"_links":{"self":[{"href":"https:\/\/www.trendagentur.de\/gabriela_kaiser\/wp-json\/wp\/v2\/posts\/210","targetHints":{"allow":["GET"]}}],"collection":[{"href":"https:\/\/www.trendagentur.de\/gabriela_kaiser\/wp-json\/wp\/v2\/posts"}],"about":[{"href":"https:\/\/www.trendagentur.de\/gabriela_kaiser\/wp-json\/wp\/v2\/types\/post"}],"author":[{"embeddable":true,"href":"https:\/\/www.trendagentur.de\/gabriela_kaiser\/wp-json\/wp\/v2\/users\/1"}],"replies":[{"embeddable":true,"href":"https:\/\/www.trendagentur.de\/gabriela_kaiser\/wp-json\/wp\/v2\/comments?post=210"}],"version-history":[{"count":5,"href":"https:\/\/www.trendagentur.de\/gabriela_kaiser\/wp-json\/wp\/v2\/posts\/210\/revisions"}],"predecessor-version":[{"id":255,"href":"https:\/\/www.trendagentur.de\/gabriela_kaiser\/wp-json\/wp\/v2\/posts\/210\/revisions\/255"}],"wp:featuredmedia":[{"embeddable":true,"href":"https:\/\/www.trendagentur.de\/gabriela_kaiser\/wp-json\/wp\/v2\/media\/212"}],"wp:attachment":[{"href":"https:\/\/www.trendagentur.de\/gabriela_kaiser\/wp-json\/wp\/v2\/media?parent=210"}],"wp:term":[{"taxonomy":"category","embeddable":true,"href":"https:\/\/www.trendagentur.de\/gabriela_kaiser\/wp-json\/wp\/v2\/categories?post=210"},{"taxonomy":"post_tag","embeddable":true,"href":"https:\/\/www.trendagentur.de\/gabriela_kaiser\/wp-json\/wp\/v2\/tags?post=210"}],"curies":[{"name":"wp","href":"https:\/\/api.w.org\/{rel}","templated":true}]}}