{"id":1074,"date":"2023-07-02T12:18:00","date_gmt":"2023-07-02T10:18:00","guid":{"rendered":"https:\/\/www.trendagentur.de\/gabriela_kaiser\/?p=1074"},"modified":"2023-11-04T12:19:54","modified_gmt":"2023-11-04T10:19:54","slug":"mini-netztasche-quer-gehaekelt-schraubglas-upcycling","status":"publish","type":"post","link":"https:\/\/www.trendagentur.de\/gabriela_kaiser\/mini-netztasche-quer-gehaekelt-schraubglas-upcycling\/","title":{"rendered":"Mini-Netztasche quer geh\u00e4kelt \/ Schraubglas-Upcycling"},"content":{"rendered":"\n<p>Ich liebe Upcycling-Projekte und wenn ich diese mit Stricken, H\u00e4keln oder N\u00e4hen verbinden kann, dann um so mehr. :-) Meinen quer geh\u00e4keltes Einkaufsnetz ist total einfach zu h\u00e4keln und ich mag auch die Optik sehr gerne. So schoss mir eine Weiterentwicklung dazu in den Kopf &#8211; eine Tasche zu h\u00e4keln, in die ich ein altes Gurkenglas \/ Schraubglas hinein tun kann. Den Henkel wollte ich lang lassen, weil ich die Idee nett fand, dass man die Blumen in seiner Vase so h\u00fcbsch z. B. an die Wand h\u00e4ngen kann. Zudem kann man auch ein Teelicht hinein setzen, und die beleuchteten Taschen in B\u00e4ume, Str\u00e4ucher usw. h\u00e4ngen. Wie das aussieht, siehst Du am Ende des Videos. Ich habe f\u00fcr meine kleine Tasche nur ca. 28 g Wolle verbraucht, so dass man damit auch toll Wollreste aufbrauchen kann.<\/p>\n\n\n\n<figure class=\"wp-block-embed is-type-video is-provider-youtube wp-block-embed-youtube wp-embed-aspect-16-9 wp-has-aspect-ratio\"><div class=\"wp-block-embed__wrapper\">\n<iframe loading=\"lazy\" title=\"Mini-Netztasche quer geh\u00e4kelt - Upcycling eines Schraubglases zur Blumentasche \/ Pflanzenampel\" width=\"660\" height=\"371\" src=\"https:\/\/www.youtube.com\/embed\/Crlqk-2CmOk?feature=oembed\" frameborder=\"0\" allow=\"accelerometer; autoplay; clipboard-write; encrypted-media; gyroscope; picture-in-picture; web-share\" referrerpolicy=\"strict-origin-when-cross-origin\" allowfullscreen><\/iframe>\n<\/div><\/figure>\n","protected":false},"excerpt":{"rendered":"<p>Ich liebe Upcycling-Projekte und wenn ich diese mit Stricken, H\u00e4keln oder N\u00e4hen verbinden kann, dann um so mehr. :-) Meinen quer geh\u00e4keltes Einkaufsnetz ist total einfach zu h\u00e4keln und ich mag auch die Optik sehr gerne. So schoss mir eine Weiterentwicklung dazu in den Kopf &#8211; eine Tasche zu h\u00e4keln, &#8230;<\/p>\n","protected":false},"author":1,"featured_media":1076,"comment_status":"open","ping_status":"open","sticky":false,"template":"","format":"standard","meta":{"footnotes":""},"categories":[3],"tags":[54,58,56,14,67],"class_list":["post-1074","post","type-post","status-publish","format-standard","has-post-thumbnail","hentry","category-kreativ","tag-eco-living","tag-einfach","tag-haekeln","tag-schnell","tag-upcycling","column","threecol","has-thumbnail"],"_links":{"self":[{"href":"https:\/\/www.trendagentur.de\/gabriela_kaiser\/wp-json\/wp\/v2\/posts\/1074","targetHints":{"allow":["GET"]}}],"collection":[{"href":"https:\/\/www.trendagentur.de\/gabriela_kaiser\/wp-json\/wp\/v2\/posts"}],"about":[{"href":"https:\/\/www.trendagentur.de\/gabriela_kaiser\/wp-json\/wp\/v2\/types\/post"}],"author":[{"embeddable":true,"href":"https:\/\/www.trendagentur.de\/gabriela_kaiser\/wp-json\/wp\/v2\/users\/1"}],"replies":[{"embeddable":true,"href":"https:\/\/www.trendagentur.de\/gabriela_kaiser\/wp-json\/wp\/v2\/comments?post=1074"}],"version-history":[{"count":2,"href":"https:\/\/www.trendagentur.de\/gabriela_kaiser\/wp-json\/wp\/v2\/posts\/1074\/revisions"}],"predecessor-version":[{"id":1077,"href":"https:\/\/www.trendagentur.de\/gabriela_kaiser\/wp-json\/wp\/v2\/posts\/1074\/revisions\/1077"}],"wp:featuredmedia":[{"embeddable":true,"href":"https:\/\/www.trendagentur.de\/gabriela_kaiser\/wp-json\/wp\/v2\/media\/1076"}],"wp:attachment":[{"href":"https:\/\/www.trendagentur.de\/gabriela_kaiser\/wp-json\/wp\/v2\/media?parent=1074"}],"wp:term":[{"taxonomy":"category","embeddable":true,"href":"https:\/\/www.trendagentur.de\/gabriela_kaiser\/wp-json\/wp\/v2\/categories?post=1074"},{"taxonomy":"post_tag","embeddable":true,"href":"https:\/\/www.trendagentur.de\/gabriela_kaiser\/wp-json\/wp\/v2\/tags?post=1074"}],"curies":[{"name":"wp","href":"https:\/\/api.w.org\/{rel}","templated":true}]}}