{"id":1070,"date":"2023-06-24T12:07:00","date_gmt":"2023-06-24T10:07:00","guid":{"rendered":"https:\/\/www.trendagentur.de\/gabriela_kaiser\/?p=1070"},"modified":"2023-11-04T12:08:56","modified_gmt":"2023-11-04T10:08:56","slug":"multifunktions-schal-stola-haekeln","status":"publish","type":"post","link":"https:\/\/www.trendagentur.de\/gabriela_kaiser\/multifunktions-schal-stola-haekeln\/","title":{"rendered":"Multifunktions-Schal \/ Stola h\u00e4keln"},"content":{"rendered":"\n<p>Ich wollte mir etwas h\u00e4keln, das ich auf verschiedene Art und Weise um mich herumschlingen kann, wenn mir k\u00fchl wird. Diesen Schal bzw. die Stola mit 2 L\u00f6chern, um die Arme durch zu stecken, habe ich die letzten Wochen in der Baumwoll-Variante oft bei mir gehabt und verreise damit auch sehr gerne, weil ich diesen vielf\u00e4ltig tragen kann. Aus einem Mohair-Mischgarn ist er auch trotz der Gr\u00f6\u00dfe recht leicht, so dass ich ihn auch bei mir in der Tasche trage, wenn ich l\u00e4nger am Tag unterwegs bin, da mir abends recht schnell kalt wird.<\/p>\n\n\n\n<figure class=\"wp-block-embed is-type-video is-provider-youtube wp-block-embed-youtube wp-embed-aspect-16-9 wp-has-aspect-ratio\"><div class=\"wp-block-embed__wrapper\">\n<iframe loading=\"lazy\" title=\"Multifunktions-Schal \/ Stola \/ offene Weste h\u00e4keln\" width=\"660\" height=\"371\" src=\"https:\/\/www.youtube.com\/embed\/v2298mAdeVg?feature=oembed\" frameborder=\"0\" allow=\"accelerometer; autoplay; clipboard-write; encrypted-media; gyroscope; picture-in-picture; web-share\" referrerpolicy=\"strict-origin-when-cross-origin\" allowfullscreen><\/iframe>\n<\/div><\/figure>\n","protected":false},"excerpt":{"rendered":"<p>Ich wollte mir etwas h\u00e4keln, das ich auf verschiedene Art und Weise um mich herumschlingen kann, wenn mir k\u00fchl wird. Diesen Schal bzw. die Stola mit 2 L\u00f6chern, um die Arme durch zu stecken, habe ich die letzten Wochen in der Baumwoll-Variante oft bei mir gehabt und verreise damit auch &#8230;<\/p>\n","protected":false},"author":1,"featured_media":1072,"comment_status":"open","ping_status":"open","sticky":false,"template":"","format":"standard","meta":{"footnotes":""},"categories":[3],"tags":[58,56,51],"class_list":["post-1070","post","type-post","status-publish","format-standard","has-post-thumbnail","hentry","category-kreativ","tag-einfach","tag-haekeln","tag-handarbeit","column","threecol","has-thumbnail"],"_links":{"self":[{"href":"https:\/\/www.trendagentur.de\/gabriela_kaiser\/wp-json\/wp\/v2\/posts\/1070","targetHints":{"allow":["GET"]}}],"collection":[{"href":"https:\/\/www.trendagentur.de\/gabriela_kaiser\/wp-json\/wp\/v2\/posts"}],"about":[{"href":"https:\/\/www.trendagentur.de\/gabriela_kaiser\/wp-json\/wp\/v2\/types\/post"}],"author":[{"embeddable":true,"href":"https:\/\/www.trendagentur.de\/gabriela_kaiser\/wp-json\/wp\/v2\/users\/1"}],"replies":[{"embeddable":true,"href":"https:\/\/www.trendagentur.de\/gabriela_kaiser\/wp-json\/wp\/v2\/comments?post=1070"}],"version-history":[{"count":2,"href":"https:\/\/www.trendagentur.de\/gabriela_kaiser\/wp-json\/wp\/v2\/posts\/1070\/revisions"}],"predecessor-version":[{"id":1073,"href":"https:\/\/www.trendagentur.de\/gabriela_kaiser\/wp-json\/wp\/v2\/posts\/1070\/revisions\/1073"}],"wp:featuredmedia":[{"embeddable":true,"href":"https:\/\/www.trendagentur.de\/gabriela_kaiser\/wp-json\/wp\/v2\/media\/1072"}],"wp:attachment":[{"href":"https:\/\/www.trendagentur.de\/gabriela_kaiser\/wp-json\/wp\/v2\/media?parent=1070"}],"wp:term":[{"taxonomy":"category","embeddable":true,"href":"https:\/\/www.trendagentur.de\/gabriela_kaiser\/wp-json\/wp\/v2\/categories?post=1070"},{"taxonomy":"post_tag","embeddable":true,"href":"https:\/\/www.trendagentur.de\/gabriela_kaiser\/wp-json\/wp\/v2\/tags?post=1070"}],"curies":[{"name":"wp","href":"https:\/\/api.w.org\/{rel}","templated":true}]}}