{"id":1060,"date":"2023-08-05T11:50:00","date_gmt":"2023-08-05T09:50:00","guid":{"rendered":"https:\/\/www.trendagentur.de\/gabriela_kaiser\/?p=1060"},"modified":"2023-11-04T11:52:30","modified_gmt":"2023-11-04T09:52:30","slug":"netztasche-quer-gehaekelt-mit-kleineren-loechern","status":"publish","type":"post","link":"https:\/\/www.trendagentur.de\/gabriela_kaiser\/netztasche-quer-gehaekelt-mit-kleineren-loechern\/","title":{"rendered":"Netztasche quer geh\u00e4kelt mit kleineren L\u00f6chern"},"content":{"rendered":"\n<p>Da mir meine quer geh\u00e4kelte Netztasche als Form sehr gut gef\u00e4llt, habe ich diese als Basis genommen, aber die Anzahl der St\u00e4bchen und Luftmaschen reduziert, da ich die Optik an mein geh\u00e4keltes Nickytuch anpassen wollte, damit es wirklich richtig zusammen passt. Da ich noch viel naturfarbenes und etwas dunkelblaues Baumwollgarn hatte, kam mir die Idee schmale dunkelblaue Streifen in die naturfarbene Fl\u00e4che einzuh\u00e4keln f\u00fcr einen \u201emaritimen\u201c Look.<\/p>\n\n\n\n<figure class=\"wp-block-embed is-type-video is-provider-youtube wp-block-embed-youtube wp-embed-aspect-16-9 wp-has-aspect-ratio\"><div class=\"wp-block-embed__wrapper\">\n<iframe loading=\"lazy\" title=\"Netztasche quer geh\u00e4kelt mit kleineren L\u00f6chern zu passendem Nickytuch\" width=\"660\" height=\"371\" src=\"https:\/\/www.youtube.com\/embed\/ejhuN8D3P7c?feature=oembed\" frameborder=\"0\" allow=\"accelerometer; autoplay; clipboard-write; encrypted-media; gyroscope; picture-in-picture; web-share\" referrerpolicy=\"strict-origin-when-cross-origin\" allowfullscreen><\/iframe>\n<\/div><\/figure>\n","protected":false},"excerpt":{"rendered":"<p>Da mir meine quer geh\u00e4kelte Netztasche als Form sehr gut gef\u00e4llt, habe ich diese als Basis genommen, aber die Anzahl der St\u00e4bchen und Luftmaschen reduziert, da ich die Optik an mein geh\u00e4keltes Nickytuch anpassen wollte, damit es wirklich richtig zusammen passt. Da ich noch viel naturfarbenes und etwas dunkelblaues Baumwollgarn &#8230;<\/p>\n","protected":false},"author":1,"featured_media":1062,"comment_status":"open","ping_status":"open","sticky":false,"template":"","format":"standard","meta":{"footnotes":""},"categories":[3],"tags":[56,51,66],"class_list":["post-1060","post","type-post","status-publish","format-standard","has-post-thumbnail","hentry","category-kreativ","tag-haekeln","tag-handarbeit","tag-tasche","column","threecol","has-thumbnail"],"_links":{"self":[{"href":"https:\/\/www.trendagentur.de\/gabriela_kaiser\/wp-json\/wp\/v2\/posts\/1060","targetHints":{"allow":["GET"]}}],"collection":[{"href":"https:\/\/www.trendagentur.de\/gabriela_kaiser\/wp-json\/wp\/v2\/posts"}],"about":[{"href":"https:\/\/www.trendagentur.de\/gabriela_kaiser\/wp-json\/wp\/v2\/types\/post"}],"author":[{"embeddable":true,"href":"https:\/\/www.trendagentur.de\/gabriela_kaiser\/wp-json\/wp\/v2\/users\/1"}],"replies":[{"embeddable":true,"href":"https:\/\/www.trendagentur.de\/gabriela_kaiser\/wp-json\/wp\/v2\/comments?post=1060"}],"version-history":[{"count":2,"href":"https:\/\/www.trendagentur.de\/gabriela_kaiser\/wp-json\/wp\/v2\/posts\/1060\/revisions"}],"predecessor-version":[{"id":1063,"href":"https:\/\/www.trendagentur.de\/gabriela_kaiser\/wp-json\/wp\/v2\/posts\/1060\/revisions\/1063"}],"wp:featuredmedia":[{"embeddable":true,"href":"https:\/\/www.trendagentur.de\/gabriela_kaiser\/wp-json\/wp\/v2\/media\/1062"}],"wp:attachment":[{"href":"https:\/\/www.trendagentur.de\/gabriela_kaiser\/wp-json\/wp\/v2\/media?parent=1060"}],"wp:term":[{"taxonomy":"category","embeddable":true,"href":"https:\/\/www.trendagentur.de\/gabriela_kaiser\/wp-json\/wp\/v2\/categories?post=1060"},{"taxonomy":"post_tag","embeddable":true,"href":"https:\/\/www.trendagentur.de\/gabriela_kaiser\/wp-json\/wp\/v2\/tags?post=1060"}],"curies":[{"name":"wp","href":"https:\/\/api.w.org\/{rel}","templated":true}]}}