{"id":1050,"date":"2023-11-04T11:36:33","date_gmt":"2023-11-04T09:36:33","guid":{"rendered":"https:\/\/www.trendagentur.de\/gabriela_kaiser\/?p=1050"},"modified":"2023-11-04T11:53:37","modified_gmt":"2023-11-04T09:53:37","slug":"kurzschal-quer-haekeln","status":"publish","type":"post","link":"https:\/\/www.trendagentur.de\/gabriela_kaiser\/kurzschal-quer-haekeln\/","title":{"rendered":"Kurzschal quer geh\u00e4kelt"},"content":{"rendered":"\n<p>Ich liebe Kurzschals und kleine Nickyt\u00fccher, weshalb ich dazu schon ein paar Modelle kreiert und Anleitungen dazu auf Youtube hoch geladen habe. Meine Kurzschals haben alle als Besonderheit einen kurzen schmalen Bereich &#8211; wie quasi der Knoten bei einem Tuch &#8211; und auf der R\u00fcckseite eine Schlaufe zum Durchstecken des zweiten Schal-Endes. Durch mein quer geh\u00e4keltes Einkaufsnetz ist mir die Idee gekommen, diesen schmaleren &#8222;Knoten&#8220; nur durch feste Maschen zu bekommen, die neben einem St\u00e4bchenmuster liegen. So muss man keine Maschen abnehmen und dann wieder zunehmen. Das Prinzip ist also ein St\u00fcck St\u00e4bchenmuster zu h\u00e4keln, was das eine herunter h\u00e4ngende Ende darstellt, dann ein paar feste Maschen, wo die Schlaufe dahinter ist und dann wieder St\u00e4bchen zu h\u00e4keln f\u00fcr um den Hals und das zweite herunter h\u00e4ngende Ende. Wie das genau geht, das zeige ich in meinem <a rel=\"noreferrer noopener\" href=\"https:\/\/youtu.be\/o097WQmqD5A?si=ThvL_1M5ogmDBtmT\" target=\"_blank\">Anleitungs-Video<\/a>. Die Schlaufe habe ich im \u00dcbrigen direkt mit eingeh\u00e4kelt und nicht nachtr\u00e4glich daran geh\u00e4kelt.<\/p>\n\n\n\n<figure class=\"wp-block-image size-large\"><a href=\"https:\/\/youtu.be\/o097WQmqD5A?si=ThvL_1M5ogmDBtmT\" target=\"_blank\" rel=\"noopener\"><img loading=\"lazy\" decoding=\"async\" width=\"738\" height=\"452\" src=\"https:\/\/www.trendagentur.de\/gabriela_kaiser\/wp-content\/uploads\/2023\/11\/Kurzschal.jpg\" alt=\"\" class=\"wp-image-1049\" srcset=\"https:\/\/www.trendagentur.de\/gabriela_kaiser\/wp-content\/uploads\/2023\/11\/Kurzschal.jpg 738w, https:\/\/www.trendagentur.de\/gabriela_kaiser\/wp-content\/uploads\/2023\/11\/Kurzschal-300x184.jpg 300w, https:\/\/www.trendagentur.de\/gabriela_kaiser\/wp-content\/uploads\/2023\/11\/Kurzschal-700x429.jpg 700w, https:\/\/www.trendagentur.de\/gabriela_kaiser\/wp-content\/uploads\/2023\/11\/Kurzschal-332x203.jpg 332w, https:\/\/www.trendagentur.de\/gabriela_kaiser\/wp-content\/uploads\/2023\/11\/Kurzschal-268x164.jpg 268w\" sizes=\"auto, (max-width: 738px) 100vw, 738px\" \/><\/a><\/figure>\n","protected":false},"excerpt":{"rendered":"<p>Ich liebe Kurzschals und kleine Nickyt\u00fccher, weshalb ich dazu schon ein paar Modelle kreiert und Anleitungen dazu auf Youtube hoch geladen habe. Meine Kurzschals haben alle als Besonderheit einen kurzen schmalen Bereich &#8211; wie quasi der Knoten bei einem Tuch &#8211; und auf der R\u00fcckseite eine Schlaufe zum Durchstecken des &#8230;<\/p>\n","protected":false},"author":1,"featured_media":1049,"comment_status":"open","ping_status":"open","sticky":false,"template":"","format":"standard","meta":{"footnotes":""},"categories":[3],"tags":[56,51,14,34],"class_list":["post-1050","post","type-post","status-publish","format-standard","has-post-thumbnail","hentry","category-kreativ","tag-haekeln","tag-handarbeit","tag-schnell","tag-winter","column","threecol","has-thumbnail"],"_links":{"self":[{"href":"https:\/\/www.trendagentur.de\/gabriela_kaiser\/wp-json\/wp\/v2\/posts\/1050","targetHints":{"allow":["GET"]}}],"collection":[{"href":"https:\/\/www.trendagentur.de\/gabriela_kaiser\/wp-json\/wp\/v2\/posts"}],"about":[{"href":"https:\/\/www.trendagentur.de\/gabriela_kaiser\/wp-json\/wp\/v2\/types\/post"}],"author":[{"embeddable":true,"href":"https:\/\/www.trendagentur.de\/gabriela_kaiser\/wp-json\/wp\/v2\/users\/1"}],"replies":[{"embeddable":true,"href":"https:\/\/www.trendagentur.de\/gabriela_kaiser\/wp-json\/wp\/v2\/comments?post=1050"}],"version-history":[{"count":5,"href":"https:\/\/www.trendagentur.de\/gabriela_kaiser\/wp-json\/wp\/v2\/posts\/1050\/revisions"}],"predecessor-version":[{"id":1065,"href":"https:\/\/www.trendagentur.de\/gabriela_kaiser\/wp-json\/wp\/v2\/posts\/1050\/revisions\/1065"}],"wp:featuredmedia":[{"embeddable":true,"href":"https:\/\/www.trendagentur.de\/gabriela_kaiser\/wp-json\/wp\/v2\/media\/1049"}],"wp:attachment":[{"href":"https:\/\/www.trendagentur.de\/gabriela_kaiser\/wp-json\/wp\/v2\/media?parent=1050"}],"wp:term":[{"taxonomy":"category","embeddable":true,"href":"https:\/\/www.trendagentur.de\/gabriela_kaiser\/wp-json\/wp\/v2\/categories?post=1050"},{"taxonomy":"post_tag","embeddable":true,"href":"https:\/\/www.trendagentur.de\/gabriela_kaiser\/wp-json\/wp\/v2\/tags?post=1050"}],"curies":[{"name":"wp","href":"https:\/\/api.w.org\/{rel}","templated":true}]}}